[{"@context":"https:\/\/schema.org\/","@type":"Article","@id":"https:\/\/www.maximino.cz\/kutilem-od-malicka\/#Article","mainEntityOfPage":"https:\/\/www.maximino.cz\/kutilem-od-malicka\/","headline":"Kutilem od mali\u010dka","name":"Kutilem od mali\u010dka","description":"D\u011bti tvo\u0159\u00ed st\u0159edobod na\u0161eho vesm\u00edru, a zejm\u00e9na z toho d\u016fvodu bychom na n\u011b m\u011bli \u010dast\u011bji zam\u011b\u0159ovat svou pozornost. M\u011bli bychom si jich v\u00edce v\u0161\u00edmat, naslouchat jim, a v neposledn\u00ed \u0159ad\u011b tady pro n\u011b b\u00fdt ve chv\u00edli, kdy n\u00e1s pot\u0159ebuj\u00ed. N\u011bkdy sice m\u016f\u017ee j\u00edt jen o to, \u017ee cht\u011bj\u00ed vysv\u011btlit n\u011bco, \u010demu ve sv\u00e9m v\u011bku kolikr\u00e1t...","datePublished":"2019-11-11","dateModified":"2019-11-11","author":{"@type":"Person","@id":"https:\/\/www.maximino.cz\/author\/#Person","name":"maximino.cz\n","url":"https:\/\/www.maximino.cz\/author\/","identifier":1,"image":{"@type":"ImageObject","@id":"https:\/\/secure.gravatar.com\/avatar\/7b7a3ac09da7f6a75c5f1ebec5be454c22943a51b9f5595d89318ef09bd44dd1?s=96&d=mm&r=g","url":"https:\/\/secure.gravatar.com\/avatar\/7b7a3ac09da7f6a75c5f1ebec5be454c22943a51b9f5595d89318ef09bd44dd1?s=96&d=mm&r=g","height":96,"width":96}},"publisher":{"@type":"Organization","name":"maximino.cz","logo":{"@type":"ImageObject","@id":"\/logo.png","url":"\/logo.png","width":600,"height":60}},"image":{"@type":"ImageObject","@id":"https:\/\/www.maximino.cz\/wp-content\/uploads\/img_a374049_w2236_t1585565955.jpg","url":"https:\/\/www.maximino.cz\/wp-content\/uploads\/img_a374049_w2236_t1585565955.jpg","height":0,"width":0},"url":"https:\/\/www.maximino.cz\/kutilem-od-malicka\/","about":["N\u00e1kupy"],"wordCount":457,"articleBody":"        D\u011bti  tvo\u0159\u00ed st\u0159edobod  na\u0161eho vesm\u00edru, a zejm\u00e9na z toho d\u016fvodu bychom na n\u011b m\u011bli \u010dast\u011bji zam\u011b\u0159ovat svou pozornost. M\u011bli bychom si jich v\u00edce v\u0161\u00edmat, naslouchat jim, a v neposledn\u00ed \u0159ad\u011b tady pro n\u011b b\u00fdt ve chv\u00edli, kdy n\u00e1s pot\u0159ebuj\u00ed. N\u011bkdy sice m\u016f\u017ee j\u00edt jen o to, \u017ee cht\u011bj\u00ed vysv\u011btlit n\u011bco, \u010demu ve sv\u00e9m v\u011bku kolikr\u00e1t nemohou rozum\u011bt, av\u0161ak kolikr\u00e1t se tak\u00e9 stane, \u017ee p\u0159ijde na \u0159adu \u0159e\u0161en\u00ed n\u011bjak\u00e9ho z\u00e1va\u017en\u011bj\u0161\u00edho probl\u00e9mu. Dle m\u00e9ho n\u00e1zoru je tou nejz\u00e1va\u017en\u011bj\u0161\u00ed problematikou vlastn\u011b p\u0159ij\u00edt na to, \u010d\u00edm cht\u011bj\u00ed v budoucnu b\u00fdt. Je jist\u00e9, \u017ee v\u011bt\u0161inou volba vypad\u00e1 tak, \u017ee d\u011bv\u010d\u00e1tka cht\u011bj\u00ed b\u00fdt l\u00e9ka\u0159kami \u010di u\u010ditelkami, a naproti tomu chlapci tou\u017e\u00ed po tom, aby se z nich stali policist\u00e9 \u010di hasi\u010di. Zde je tak tedy vid\u011bt v\u00fdznamn\u00fd rozd\u00edl mezi ob\u011bma pohlav\u00edmi, av\u0161ak j\u00e1 osobn\u011b jsem p\u0159esv\u011bd\u010dena o tom, \u017ee tato odli\u0161nost nehraje ve volb\u011b budouc\u00edho povol\u00e1n\u00ed a\u017e tak v\u00fdznamnou roli. Zast\u00e1v\u00e1m tak tedy n\u00e1zor, \u017ee je hlavn\u00ed, aby d\u00edt\u011b vykon\u00e1valo pr\u00e1ci, do kter\u00e9 bude r\u00e1do chodit, a d\u00edky kter\u00e9 bude \u0161\u0165astn\u00e9. A v \u017e\u00e1dn\u00e9m p\u0159\u00edpad\u011b tak zde nen\u00ed podstatn\u00e9, zdali se bude jednat o n\u011bco, co pat\u0159\u00ed sp\u00ed\u0161e do mu\u017esk\u00e9ho nebo \u017eensk\u00e9ho sv\u011bta. Mnohem d\u016fle\u017eit\u011bj\u0161\u00ed je snaha, abychom na\u0161e ratolesti vedli k z\u00edsk\u00e1v\u00e1n\u00ed znalost\u00ed a dovednost\u00ed ji\u017e od mali\u010dka, jeliko\u017e takov\u00e9 v\u011bci se jim budou hodit za ka\u017ed\u00fdch okolnost\u00ed! Pokud m\u00e1te doma hol\u010di\u010dku, je vhodn\u00e9 j\u00ed po\u0159\u00eddit n\u011bjakou men\u0161\u00ed kuchy\u0148ku, pokud chlapce, tak zde doporu\u010duji d\u011btsk\u00fd d\u0159ev\u011bn\u00fd ponk. Tato pom\u016fcka napom\u016f\u017ee tomu, \u017ee se bude hoch c\u00edtit jako spr\u00e1vn\u00fd chlap, jeliko\u017e se ji\u017e v \u00fatl\u00e9m v\u011bku nau\u010d\u00ed v\u011bci, kter\u00e9 um\u00ed jeho otec. Zde tedy jde zejm\u00e9na o dotahov\u00e1n\u00ed matek a \u0161roub\u016f, \u0159ez\u00e1n\u00ed \u010di p\u0159em\u011b\u0159ov\u00e1n\u00ed r\u016fzn\u00fdch sou\u010d\u00e1st\u00ed va\u0161\u00ed dom\u00e1cnosti. V\u017edy tak tedy m\u011bjte na pam\u011bti, \u017ee je velmi d\u016fle\u017eit\u00e9, aby se va\u0161e d\u011bti nau\u010dily s d\u016fle\u017eit\u00fdmi v\u011bcmi zach\u00e1zet, jeliko\u017e jsem p\u0159esv\u011bd\u010dena o tom, \u017ee v r\u00e1mci jejich budouc\u00edho \u017eivota zde nebude skoro nikdo, kdo by to ud\u011blal m\u00edsto nich.                                                                                                                                                                                                                                                                                                                                                                                          4\/5 - (3 votes)        "},{"@context":"https:\/\/schema.org\/","@type":"BreadcrumbList","itemListElement":[{"@type":"ListItem","position":1,"name":"Kutilem od mali\u010dka","item":"https:\/\/www.maximino.cz\/kutilem-od-malicka\/#breadcrumbitem"}]}]